{"id":589,"date":"2026-02-23T21:25:03","date_gmt":"2026-02-23T21:25:03","guid":{"rendered":"https:\/\/www.costechaude83.com\/?p=589"},"modified":"2026-03-04T19:17:20","modified_gmt":"2026-03-04T19:17:20","slug":"coste-chaude-les-promesses-de-campagne-des-elections-de-mars-2026","status":"publish","type":"post","link":"https:\/\/www.costechaude83.com\/?p=589","title":{"rendered":"Coste Chaude\u00a0: les promesses de campagne des \u00e9lections de Mars 2026"},"content":{"rendered":"\n<p>Bonjour \u00e0 tous,<\/p>\n\n\n\n<p>Tout comme en 2020 j\u2019ai contact\u00e9 les diff\u00e9rents candidats aux \u00e9lections municipales de mars 2026 et leur ai pos\u00e9 \u00e0 tous les m\u00eames questions verbalement et par \u00e9crit et vous fais part de mon courrier et de leurs r\u00e9ponses.<\/p>\n\n\n\n<p>Tout d\u2019abord un petit r\u00e9capitulatif depuis juillet 2024.<\/p>\n\n\n\n<p>La modification du PLU comportant le passage en zonage Agricole de Coste Chaude&nbsp;a \u00e9t\u00e9 vot\u00e9e le 25 juin 2025 par TPM. Messieurs Colin, Capobianco,Civettini, mesdames Chenet, Robert et Vincent ont confirm\u00e9 leur d\u00e9cision de voter contre cette d\u00e9lib\u00e9ration; c&rsquo;est regrettable. Ils ont chang\u00e9 d&rsquo;avis apr\u00e8s avoir fait volte-face \u00e0 Mme Nathalie Bicais notre ancien maire qui a port\u00e9 ce projet depuis le d\u00e9but.&nbsp;<\/p>\n\n\n\n<p>Le Mardi 24 Juin, lors du conseil municipal pr\u00e9alable, le vote est pass\u00e9 de justesse&nbsp;puisque le RN&nbsp;de M.Munoz s&rsquo;est abstenu et les \u00e9lus du nouveau groupe \u00ab\u00a0Les constructifs\u00a0\u00bb comprenant notamment Jean pierre Colin, Christophe Peuri\u00e8re, Guillaume Capobianco, Damien Gutierez, Lydie Ontoniente, Ludovic Pontone, S\u00e9bastien Gioia et M. Boyer ont vot\u00e9 contre ainsi que M.Andrau.<\/p>\n\n\n\n<p>Il nous faut donc nous r\u00e9jouir&nbsp;et remercier chaleureusement&nbsp;Mme Nathalie Bicais et Mme Christine Sinquin pour leur pers\u00e9v\u00e9rance.<\/p>\n\n\n\n<p>Le passage en ZAP (zone agricole prot\u00e9g\u00e9e) le 4 novembre 2025 des secteurs de Gaumin, Bremond et autres \u2026. ne pouvait pas inclure Coste Chaude malgr\u00e9 tout notre engagement en ce sens lors de l\u2019enqu\u00eate publique &nbsp;r\u00e9alis\u00e9e &nbsp;du 3 avril 2025&nbsp;au 5 mai 2025. Le rattachement de Coste Chaude \u00e0 post\u00e9riori n\u2019est pas possible et il faudra d\u00e9poser un nouveau dossier et une nouvelle enqu\u00eate pour ce faire.<\/p>\n\n\n\n<p>Je suis all\u00e9 rendre visite aux permanences de nombreux candidats les 3 f\u00e9vrier pour M.le Maire M.Minniti et M. Mansour et le 5 f\u00e9vrier pour M.Munoz, Peuri\u00e8re, Andrau, et Sacco . J\u2019ai remis en main propre le courrier que je vous laisse ci-dessous et l\u2019ai envoy\u00e9 le soir m\u00eame \u00e0 leur adresse mail. M.Mansour et M.Andrau n\u2019\u00e9taient pas pr\u00e9sent lors de mon passage et j\u2019ai laiss\u00e9 le document \u00e0 leur collaborateur. Pour Mme Sidi Dris et M. Dailleau ne pouvant les rencontrer, je leur ai envoy\u00e9 par mail.&nbsp;<\/p>\n\n\n\n<p>Mme Sidi Dris, M. Dailleau n\u2019ont pas r\u00e9pondu \u00e0 ce jour.<\/p>\n\n\n\n<p>A noter que les travaux de cl\u00f4ture du terrain ont commenc\u00e9 le 11 f\u00e9vrier et sont bien avanc\u00e9s.<\/p>\n\n\n\n<p>Le 26 f\u00e9vrier 2026 &nbsp;&nbsp;&nbsp;&nbsp;&nbsp;&nbsp;&nbsp;&nbsp;&nbsp;&nbsp;&nbsp;&nbsp;&nbsp;&nbsp;&nbsp;&nbsp;&nbsp;&nbsp;&nbsp;&nbsp;&nbsp;&nbsp;&nbsp;&nbsp;&nbsp;&nbsp;&nbsp;&nbsp;&nbsp;&nbsp;&nbsp;&nbsp;&nbsp;&nbsp;&nbsp; Jean-Fran\u00e7ois Bach ,&nbsp; Pr\u00e9sident de APCC<\/p>\n\n\n\n<hr class=\"wp-block-separator has-alpha-channel-opacity\"\/>\n\n\n\n<p>Le courrier envoy\u00e9 et donn\u00e9 aux candidats&nbsp;:<\/p>\n\n\n\n<div class=\"wp-block-group has-background-color-background-color has-background\"><div class=\"wp-block-group__inner-container is-layout-constrained wp-block-group-is-layout-constrained\">\n<p><em>Bonjour,<\/em><\/p>\n\n\n\n<p><em>L\u2019association Agir pour Coste Chaude et les habitants de ce quartier ont \u00e9t\u00e9 des \u00e9l\u00e9ments importants lors des d\u00e9bats des \u00e9lections municipales de 2020. Cette association a \u00e9t\u00e9 cr\u00e9\u00e9e le 31 mars 2019 pour \u00e9viter la construction de 145 logements sur ce site. Chaque candidat a d\u00fb alors prendre position face \u00e0 ce projet.<\/em><\/p>\n\n\n\n<p><em>Aujourd\u2019hui aucune construction n\u2019est sortie de terre. La mairie est d\u00e9sormais propri\u00e9taire de ce terrain de 2,9 hectares qui est pass\u00e9 en zone agricole lors de la modification du PLU le 24 en mairie et le 26 juin 2025 \u00e0 TPM.<\/em><\/p>\n\n\n\n<p><em>Pouvez-vous M.<\/em><em> \u2026\u2026<\/em><em> prendre position sur ces 3 points concernant Coste Chaude&nbsp;:<\/em><\/p>\n\n\n\n<ul>\n<li><em>Le passage en ZAP (Zone Agricole Prot\u00e9g\u00e9e) n\u2019a pas pu \u00eatre rattach\u00e9 au projet de 2025 qui vient d\u2019\u00eatre valid\u00e9 en pr\u00e9fecture car Coste Chaude n\u2019\u00e9tait pas encore en Zone Agricole. Un nouveau dossier doit \u00eatre pr\u00e9sent\u00e9 en pr\u00e9fecture pour cela;le ferez-vous&nbsp;? Dans l\u2019ann\u00e9e qui suit votre \u00e9lection&nbsp;?<\/em><\/li>\n\n\n\n<li><em>La pr\u00e9fecture vient d\u2019accorder une aide en participant \u00e0 60 % \u00e0 la mise en place d\u2019une cl\u00f4ture et une remise en \u00e9tat des b\u00e2timents existants. Sur une enveloppe globale de 120 000 \u20ac cela repr\u00e9sente 72 000 \u20ac. Les travaux devraient tr\u00e8s vite commencer. Vous engagez vous \u00e0 faciliter et terminer tr\u00e8s rapidement ces ouvrages&nbsp;?<\/em><\/li>\n\n\n\n<li><em>La mise en place de la cl\u00f4ture et les travaux sur le b\u00e2timent devrait permettre l\u2019arriv\u00e9e d\u2019un exploitant. Un dossier Appel \u00e0 Manifestation d\u2019Int\u00e9r\u00eat (AMI) lanc\u00e9 le 18 d\u00e9cembre 2025 et clos le 20 f\u00e9vrier 2026 doit permettre de s\u00e9lectionner des candidats potentiels. Pouvez-vous nous dire quels seront vos crit\u00e8res de choix ou d\u2019exclusion&nbsp;?<\/em><\/li>\n<\/ul>\n\n\n\n<p><em>Je vous remercie M.<\/em><em> \u2026\u2026<\/em><em> pour toute l\u2019attention que vous voulez bien porter \u00e0 nos demandes.<\/em><\/p>\n\n\n\n<p><em>Tout comme pour vos concurrents \u00e0 cette \u00e9lection, je tiendrai inform\u00e9 les Seynois concern\u00e9s par le projet de Coste Chaude de vos r\u00e9ponses ou non r\u00e9ponse.<\/em><\/p>\n\n\n\n<p><em>Cordialement<\/em><\/p>\n\n\n\n<p><em>A la Seyne sur mer le 3 f\u00e9vrier 2026<\/em><\/p>\n\n\n\n<p><em>Le Pr\u00e9sident&nbsp;&nbsp;&nbsp;&nbsp;&nbsp;&nbsp;&nbsp;&nbsp;&nbsp;&nbsp;&nbsp;&nbsp;&nbsp;&nbsp;&nbsp;&nbsp;&nbsp;&nbsp;&nbsp;&nbsp;&nbsp;&nbsp;&nbsp;&nbsp;&nbsp;&nbsp;&nbsp;&nbsp;&nbsp;&nbsp;&nbsp;&nbsp;&nbsp;&nbsp;&nbsp;&nbsp;&nbsp;&nbsp;&nbsp;&nbsp;&nbsp;&nbsp;&nbsp;&nbsp;&nbsp;&nbsp;&nbsp;&nbsp;&nbsp;&nbsp;&nbsp;&nbsp;&nbsp;&nbsp;&nbsp;&nbsp;&nbsp;&nbsp;&nbsp;&nbsp;&nbsp;&nbsp;&nbsp;&nbsp;&nbsp;&nbsp;&nbsp;&nbsp;&nbsp;&nbsp;&nbsp;&nbsp;&nbsp;&nbsp;&nbsp;&nbsp;&nbsp;&nbsp;&nbsp;&nbsp;&nbsp;&nbsp;&nbsp;&nbsp;&nbsp;&nbsp;&nbsp;&nbsp;&nbsp;&nbsp;&nbsp;&nbsp;&nbsp;&nbsp;&nbsp;&nbsp;&nbsp;&nbsp;&nbsp;&nbsp;&nbsp;&nbsp;&nbsp;&nbsp;&nbsp;&nbsp;&nbsp;<\/em><\/p>\n\n\n\n<p><em>M. Bach Jean-Fran\u00e7ois<\/em>&nbsp;&nbsp;&nbsp;&nbsp;&nbsp;&nbsp;&nbsp;&nbsp;&nbsp;<\/p>\n<\/div><\/div>\n\n\n\n<p>La r\u00e9ponse de M. Sacco formul\u00e9e par Mme Guaddacha le 6 f\u00e9vrier<\/p>\n\n\n\n<div class=\"wp-block-group has-background-color-background-color has-background\"><div class=\"wp-block-group__inner-container is-layout-constrained wp-block-group-is-layout-constrained\">\n<p>Bonsoir,<\/p>\n\n\n\n<p>Suite \u00e0 votre venue dans notre permanence hier matin. Le candidat, St\u00e9phane SACCO a&nbsp;lu avec attention votre courrier et voici sa position sur les 3 points pour lesquels vous souhaitiez qu&rsquo;il vous r\u00e9ponde, en ce qui concerne votre&nbsp;quartier Coste Chaude.<\/p>\n\n\n\n<p><strong>Concernant le premier point passage en ZAP :<\/strong>&nbsp;&nbsp;<\/p>\n\n\n\n<p>Oui pour les ZAP, conform\u00e9ment aux engagements pris sur notre programme que je vous ai donn\u00e9, en page 12. Favoriser les circuits courts, renforcer les Zones Agricoles Prot\u00e9g\u00e9es.<\/p>\n\n\n\n<p><strong>Concernant la mise en place d&rsquo;une cl\u00f4ture<\/strong>&nbsp;:&nbsp;<\/p>\n\n\n\n<p>Nous nous engageons \u00e0 le faire le plus rapidement possible, en fonction des disponibilit\u00e9s li\u00e9s aux engagements budg\u00e9taire. (pr\u00e9 budget vot\u00e9 par l&rsquo;\u00e9quipe en place).<\/p>\n\n\n\n<p><strong>Crit\u00e8res de choix&nbsp; pour l&rsquo;exploitant :<\/strong><\/p>\n\n\n\n<ul>\n<li>L&rsquo;activit\u00e9,<\/li>\n\n\n\n<li>L&rsquo;engagement sur la production raisonn\u00e9e,<\/li>\n\n\n\n<li>Signature d&rsquo;une charte \u00e9dit\u00e9 par nos soins concernant son activit\u00e9.<\/li>\n<\/ul>\n\n\n\n<p>Parce qu&rsquo;un quartier n&rsquo;est pas qu&rsquo;un p\u00e9rim\u00e8tre administratif : c&rsquo;est un lieu de vie, d&rsquo;attaches, d&rsquo;histoires et de solidarit\u00e9s Quand les d\u00e9cisions municipales se prennent avec les habitants, et non pour eux, elles r\u00e9pondent mieux aux r\u00e9alit\u00e9s du terrain, aux besoins concrets, aux usages quotidiens.<\/p>\n\n\n\n<p>Cordialement<\/p>\n\n\n\n<p>Florence GUADDACHA<\/p>\n<\/div><\/div>\n\n\n\n<p>La r\u00e9ponse de M.Munoz&nbsp; re\u00e7ue le 14 f\u00e9vrier<\/p>\n\n\n\n<div class=\"wp-block-group has-background-color-background-color has-background\"><div class=\"wp-block-group__inner-container is-layout-constrained wp-block-group-is-layout-constrained\">\n<p>La Seyne-sur-Mer, le 8 f\u00e9vrier 2026<\/p>\n\n\n\n<p><strong>Objet : Mes engagements pour Coste Chaude<\/strong><\/p>\n\n\n\n<p>Monsieur le Pr\u00e9sident,<\/p>\n\n\n\n<p>Je vous remercie pour votre courrier du 3 f\u00e9vrier 2026 et pour l\u2019engagement constant de votre association en faveur du quartier de Coste Chaude. Ce site a \u00e9t\u00e9 au c\u0153ur des d\u00e9bats municipaux depuis 2020, et il reste un symbole fort des choix d\u2019am\u00e9nagement et de qualit\u00e9 de vie pour les Seynoises et les Seynois.<\/p>\n\n\n\n<p>Je souhaite vous apporter une position claire, transparente et responsable sur ce dossier.<\/p>\n\n\n\n<p><strong>1)<\/strong>&nbsp;&nbsp;&nbsp;&nbsp;<strong>Une priorit\u00e9 imm\u00e9diate : la s\u00e9curit\u00e9 et la voirie du Chemin de Mauv\u00e9ou<\/strong><br>D\u00e8s le d\u00e9but de mon mandat, la r\u00e9fection de la voirie du Chemin de Mauv\u00e9ou fera partie de mes priorit\u00e9s. Ces travaux permettront d\u2019am\u00e9liorer la desserte du secteur, de s\u00e9curiser les d\u00e9placements des riverains et de renforcer la d\u00e9fense incendie. La s\u00e9curit\u00e9 des habitants doit rester une priorit\u00e9 municipale non n\u00e9gociable.<\/p>\n\n\n\n<p><strong>2)<\/strong>&nbsp;&nbsp;&nbsp;&nbsp;<strong>Un dossier foncier et juridique complexe : responsabilit\u00e9 et pragmatisme<\/strong><br>Comme vous le savez, plusieurs terrains ont \u00e9t\u00e9 d\u00e9class\u00e9s de constructibles en terrains agricoles sur la commune dans la m\u00eame p\u00e9riode que Coste Chaude. Dans d\u2019autres secteurs, notamment Chemin de Br\u00e9mond, des propri\u00e9taires ont engag\u00e9 ou envisagent des recours contre la commune et la M\u00e9tropole dans le cadre du PLU.<\/p>\n\n\n\n<p>Ces recours portent notamment sur :<\/p>\n\n\n\n<ul>\n<li>Le d\u00e9faut de concertation lors du reclassement ;<\/li>\n\n\n\n<li>L\u2019incoh\u00e9rence du classement au regard de la r\u00e9alit\u00e9 du terrain ;<\/li>\n\n\n\n<li>L\u2019atteinte disproportionn\u00e9e au droit de propri\u00e9t\u00e9.<\/li>\n<\/ul>\n\n\n\n<p>La jurisprudence administrative montre que ces dossiers peuvent conduire \u00e0 des annulations lourdes de cons\u00e9quences pour la commune. Mon devoir sera donc de d\u00e9fendre l\u2019int\u00e9r\u00eat g\u00e9n\u00e9ral tout en prot\u00e9geant la collectivit\u00e9 contre des contentieux co\u00fbteux. Tant que ces proc\u00e9dures ne seront pas purg\u00e9es, je ferai preuve de responsabilit\u00e9 et de prudence.<\/p>\n\n\n\n<p><strong>3)<\/strong>&nbsp;&nbsp;&nbsp;&nbsp;<strong>Le classement en Zone Agricole Prot\u00e9g\u00e9e : un engagement sous r\u00e9serve de s\u00e9curit\u00e9 juridique<\/strong><br>Lorsque la situation juridique sera clarifi\u00e9e par la justice, je pr\u00e9senterai un nouveau dossier en pr\u00e9fecture dans les meilleurs d\u00e9lais afin d\u2019examiner le classement de Coste Chaude en Zone Agricole Prot\u00e9g\u00e9e, si cela reste conforme \u00e0 l\u2019int\u00e9r\u00eat g\u00e9n\u00e9ral, \u00e0 la r\u00e9alit\u00e9 du terrain et \u00e0 la s\u00e9curit\u00e9 juridique de la commune.<\/p>\n\n\n\n<p><strong>4)<\/strong>&nbsp;&nbsp;&nbsp;&nbsp;<strong>L\u2019exploitation agricole : ne pas bloquer le projet<\/strong><br>Dans l\u2019attente des d\u00e9cisions de justice, nous prendrons contact avec le candidat potentiel issu de l\u2019Appel \u00e0 Manifestation d\u2019Int\u00e9r\u00eat afin de faire un point pr\u00e9cis sur le projet d\u2019exploitation agricole. Je le dis clairement : il n\u2019est pas question de bloquer ce projet ni de retarder les d\u00e9cisions d\u00e9j\u00e0 prises par l\u2019ancienne \u00e9quipe municipale, d\u00e8s lors qu\u2019elles respectent le cadre l\u00e9gal.<\/p>\n\n\n\n<p><strong>5)<\/strong>&nbsp;&nbsp;&nbsp;&nbsp;<strong>Une m\u00e9thode nouvelle : la concertation citoyenne permanente<\/strong><br>Si je suis \u00e9lu, je souhaite changer la m\u00e9thode. Les grands projets d\u2019am\u00e9nagement, comme celui de Coste Chaude, ne peuvent plus se d\u00e9cider sans les habitants. Je m\u2019engage \u00e0 mettre en place une concertation citoyenne structur\u00e9e associant les riverains, les associations, les propri\u00e9taires fonciers et les acteurs institutionnels. R\u00e9unions publiques, comit\u00e9s de quartier, transparence des documents d\u2019urbanisme : chaque Seynois doit pouvoir comprendre, s\u2019exprimer et participer aux d\u00e9cisions qui concernent son cadre de vie.<\/p>\n\n\n\n<p>Mon ambition est simple : concilier protection de l\u2019environnement, respect des habitants, s\u00e9curit\u00e9 juridique et d\u00e9veloppement raisonn\u00e9 de notre commune.<\/p>\n\n\n\n<p>Je vous remercie pour votre vigilance d\u00e9mocratique et votre mobilisation. Vous \u00eates bien entendu libres de rendre publique cette r\u00e9ponse aupr\u00e8s des Seynoises et des Seynois concern\u00e9s.<\/p>\n\n\n\n<p>Je vous prie d\u2019agr\u00e9er, Monsieur le Pr\u00e9sident, l\u2019expression de mes salutations distingu\u00e9es.<\/p>\n\n\n\n<p>Dorian Munoz<br><br><\/p>\n<\/div><\/div>\n\n\n\n<p>La R\u00e9ponse de&nbsp; M.Cheikh Mansour<\/p>\n\n\n\n<div class=\"wp-block-group has-background-color-background-color has-background\"><div class=\"wp-block-group__inner-container is-layout-constrained wp-block-group-is-layout-constrained\">\n<p>Le 15 f\u00e9vrier 2026<\/p>\n\n\n\n<p>Monsieur le Pr\u00e9sident,<\/p>\n\n\n\n<p>Je vous remercie pour votre courrier et vous prie de bien vouloir excuser le d\u00e9lai de ma r\u00e9ponse. La finalisation du programme municipal, de la profession de foi ainsi que diverses obligations administratives aupr\u00e8s de la Pr\u00e9fecture ont mobilis\u00e9 ces derni\u00e8res semaines une grande partie de mon temps.<\/p>\n\n\n\n<p>Je connais particuli\u00e8rement bien le dossier de Costa Chaude. En 2020, aux c\u00f4t\u00e9s de Nathalie Bicais, nous nous sommes mobilis\u00e9s pour d\u00e9fendre ce site et nous avons r\u00e9ussi \u00e0 mettre en \u00e9chec le projet de logements sociaux port\u00e9 par la gauche. Cette vigilance a permis de pr\u00e9server l\u2019un des derniers espaces naturels de notre commune.<\/p>\n\n\n\n<p>Plus r\u00e9cemment, lors d\u2019une d\u00e9lib\u00e9ration du Conseil municipal en juillet dernier, nous avons franchi une \u00e9tape d\u00e9cisive : le terrain a \u00e9t\u00e9 juridiquement sanctuaris\u00e9 et inscrit au Plan Local d\u2019Urbanisme en zone naturelle class\u00e9e. Cela signifie qu\u2019aucune construction nouvelle ne pourra d\u00e9sormais y voir le jour. Cette protection est solide et p\u00e9renne. Pour information je rappellerai que le Groupe des Constructif de Monsieur Colin et dont faisait partie les deux conseillers d\u00e9partementaux Ludovic Pontone et Lydie Otteniente ont vot\u00e9 contre la sanctuarisation. Le PV de cette d\u00e9lib\u00e9ration est consultable sur le site de la Mairie.&nbsp;<\/p>\n\n\n\n<p>Pour autant, il ne s\u2019agit pas de laisser le site en l\u2019\u00e9tat. Je suis convaincu que nous devons :<\/p>\n\n\n\n<p>finaliser la s\u00e9curisation et la cl\u00f4ture,<\/p>\n\n\n\n<p>remettre en \u00e9tat les b\u00e2timents existants,<\/p>\n\n\n\n<p>et surtout identifier un exploitant s\u00e9rieux.<\/p>\n\n\n\n<p>Mon objectif est clair : permettre une exploitation agricole respectueuse de l\u2019environnement, dont les productions pourraient alimenter en circuit court nos structures municipales, notamment la cuisine centrale qui pr\u00e9pare chaque jour des repas pour nos a\u00een\u00e9s et pour les enfants des \u00e9coles seynoises. Ce serait un cercle vertueux au service du territoire, de l\u2019autonomie alimentaire locale et de la transition \u00e9cologique.<\/p>\n\n\n\n<p>Je suis profond\u00e9ment attach\u00e9 \u00e0 la protection des espaces naturels et des derniers poumons verts de La Seyne-sur-Mer. Je m\u2019inscris pleinement dans la continuit\u00e9 de la dynamique engag\u00e9e par Nathalie Bicais, dont j\u2019ai le soutien, et je ferai tout pour que ce projet aboutisse dans l\u2019int\u00e9r\u00eat g\u00e9n\u00e9ral.<\/p>\n\n\n\n<p>Je reste bien entendu \u00e0 votre disposition pour \u00e9changer plus en d\u00e9tail sur les modalit\u00e9s concr\u00e8tes de mise en \u0153uvre.<\/p>\n\n\n\n<p>Je vous prie d\u2019agr\u00e9er, Monsieur le Pr\u00e9sident, l\u2019expression de ma consid\u00e9ration distingu\u00e9e.<\/p>\n\n\n\n<p>Cheikh Mansour<\/p>\n<\/div><\/div>\n\n\n\n<p>R\u00e9ponse de M.Peuri\u00e8re&nbsp; le 16 f\u00e9vrier 2026<\/p>\n\n\n\n<div class=\"wp-block-group has-background-color-background-color has-background\"><div class=\"wp-block-group__inner-container is-layout-constrained wp-block-group-is-layout-constrained\">\n<p>Bonjour M. Bach&nbsp;<\/p>\n\n\n\n<p>Pour donner suite aux 3 points concernant Coste Chaude et \u00e0 mon positionnement.<\/p>\n\n\n\n<ul>\n<li>pour ce qui est du passage en zone agricole prot\u00e9g\u00e9e je m\u2019engage \u00e0 pr\u00e9senter un nouveau dossier en pr\u00e9fecture afin que le terrain en question b\u00e9n\u00e9ficie d\u2019une protection incontestable. Si je suis \u00e9lu, je m\u2019engage dans les 6 premiers mois \u00e0 pr\u00e9senter et \u00e0 finaliser le dossier ZAP en pr\u00e9fecture.&nbsp;<\/li>\n<\/ul>\n\n\n\n<ul>\n<li>concernant la mise en place d\u2019une cl\u00f4ture et la remise en \u00e9tat des b\u00e2timents existants, je sais que les travaux ont d\u00e9but\u00e9 la semaine derni\u00e8re, je m\u2019engage si je suis maire \u00e9videmment \u00e0 faciliter et \u00e0 terminer tr\u00e8s rapidement ces travaux.&nbsp;<\/li>\n<\/ul>\n\n\n\n<ul>\n<li>pour ce qui est de l\u2019AMI et la s\u00e9lection de potentiels candidats qui en d\u00e9coulent, nos crit\u00e8res seront les suivants :<\/li>\n<\/ul>\n\n\n\n<ul>\n<li>choix d\u2019un exploitant qui respecte les normes environnementales<\/li>\n\n\n\n<li>choix de cultures qui n\u00e9cessitent une consommation d\u2019eau mesur\u00e9e (arbres fruitiers etc\u2026)<\/li>\n\n\n\n<li>choix de la pr\u00e9servation et du renforcement de la biodiversit\u00e9 et de l\u2019\u00e9quilibre des \u00e9cosyst\u00e8mes&nbsp;<\/li>\n<\/ul>\n\n\n\n<p>En esp\u00e9rant avoir r\u00e9pondu \u00e0 vos attentes&nbsp;<\/p>\n\n\n\n<p>Cordialement&nbsp;<\/p>\n\n\n\n<p>Christophe Peuri\u00e8re<\/p>\n<\/div><\/div>\n\n\n\n<p>La r\u00e9ponse de M. Minniti re\u00e7ue le 19 f\u00e9vrier<\/p>\n\n\n\n<div class=\"wp-block-file\"><a id=\"wp-block-file--media-d72aa869-debc-450a-af80-e213bd2ba8a6\" href=\"https:\/\/www.costechaude83.com\/wp-content\/uploads\/2026\/02\/2026.02.09.Reponse-Minniti.pdf\">2026.02.09.Reponse-Minniti<\/a><a href=\"https:\/\/www.costechaude83.com\/wp-content\/uploads\/2026\/02\/2026.02.09.Reponse-Minniti.pdf\" class=\"wp-block-file__button wp-element-button\" download aria-describedby=\"wp-block-file--media-d72aa869-debc-450a-af80-e213bd2ba8a6\">T\u00e9l\u00e9charger<\/a><\/div>\n\n\n\n<p>La r\u00e9ponse de M.Andrau re\u00e7ue le 25 f\u00e9vrier<\/p>\n\n\n\n<div class=\"wp-block-file\"><a id=\"wp-block-file--media-3b697c4b-b4c6-4bca-950e-e4691001c66c\" href=\"https:\/\/www.costechaude83.com\/wp-content\/uploads\/2026\/03\/2026.02.25.Reponse-Andrau.pdf\">2026.02.25.Reponse-Andrau<\/a><a href=\"https:\/\/www.costechaude83.com\/wp-content\/uploads\/2026\/03\/2026.02.25.Reponse-Andrau.pdf\" class=\"wp-block-file__button wp-element-button\" download aria-describedby=\"wp-block-file--media-3b697c4b-b4c6-4bca-950e-e4691001c66c\">T\u00e9l\u00e9charger<\/a><\/div>\n","protected":false},"excerpt":{"rendered":"<p>Bonjour \u00e0 tous, Tout comme en 2020 j\u2019ai contact\u00e9 les diff\u00e9rents candidats aux \u00e9lections municipales de mars 2026 et leur ai pos\u00e9 \u00e0 tous les m\u00eames questions verbalement et par \u00e9crit et vous fais part de mon courrier et de leurs r\u00e9ponses. Tout d\u2019abord un petit r\u00e9capitulatif depuis juillet 2024. [&hellip;]<\/p>\n","protected":false},"author":1,"featured_media":0,"comment_status":"closed","ping_status":"open","sticky":false,"template":"","format":"standard","meta":{"footnotes":""},"categories":[7],"tags":[],"_links":{"self":[{"href":"https:\/\/www.costechaude83.com\/index.php?rest_route=\/wp\/v2\/posts\/589"}],"collection":[{"href":"https:\/\/www.costechaude83.com\/index.php?rest_route=\/wp\/v2\/posts"}],"about":[{"href":"https:\/\/www.costechaude83.com\/index.php?rest_route=\/wp\/v2\/types\/post"}],"author":[{"embeddable":true,"href":"https:\/\/www.costechaude83.com\/index.php?rest_route=\/wp\/v2\/users\/1"}],"replies":[{"embeddable":true,"href":"https:\/\/www.costechaude83.com\/index.php?rest_route=%2Fwp%2Fv2%2Fcomments&post=589"}],"version-history":[{"count":6,"href":"https:\/\/www.costechaude83.com\/index.php?rest_route=\/wp\/v2\/posts\/589\/revisions"}],"predecessor-version":[{"id":600,"href":"https:\/\/www.costechaude83.com\/index.php?rest_route=\/wp\/v2\/posts\/589\/revisions\/600"}],"wp:attachment":[{"href":"https:\/\/www.costechaude83.com\/index.php?rest_route=%2Fwp%2Fv2%2Fmedia&parent=589"}],"wp:term":[{"taxonomy":"category","embeddable":true,"href":"https:\/\/www.costechaude83.com\/index.php?rest_route=%2Fwp%2Fv2%2Fcategories&post=589"},{"taxonomy":"post_tag","embeddable":true,"href":"https:\/\/www.costechaude83.com\/index.php?rest_route=%2Fwp%2Fv2%2Ftags&post=589"}],"curies":[{"name":"wp","href":"https:\/\/api.w.org\/{rel}","templated":true}]}}